[{"@context":"https:\/\/schema.org\/","@type":"Article","@id":"https:\/\/www.vorp.cz\/jak-vystehovat-dum-ci-byt-v-praze\/#Article","mainEntityOfPage":"https:\/\/www.vorp.cz\/jak-vystehovat-dum-ci-byt-v-praze\/","headline":"Jak vyst\u011bhovat d\u016fm \u010di byt v Praze?","name":"Jak vyst\u011bhovat d\u016fm \u010di byt v Praze?","description":"Dejme tomu, \u017ee \u017eijete cel\u00fd \u017eivot v Praze 1 a r\u00e1di byste se p\u0159est\u011bhovali do Prahy 3. Nebo se sna\u017e\u00edte vyst\u011bhovat kancel\u00e1\u0159 a p\u0159esunout ji zase na jin\u00fd konec Prahy? Mo\u017en\u00e1 to je v\u0161echno \u00fapln\u011b jinak a vy chcete vyst\u011bhovat n\u011bco jin\u00e9ho, nebo chcete n\u011bco p\u0159ev\u00e9st \u010di \u201etransportovat\u201c. Najednou v\u00e1s ale napadne: \u201eNo jo, ale &hellip; ","datePublished":"2019-08-03","dateModified":"2023-04-30","author":{"@type":"Person","@id":"https:\/\/www.vorp.cz\/author\/#Person","name":"","url":"https:\/\/www.vorp.cz\/author\/","identifier":1,"image":{"@type":"ImageObject","@id":"https:\/\/secure.gravatar.com\/avatar\/70b0b0c6ef7dca5d65c935edece415df3e99a7281ef835a281ae62fb4236351b?s=96&d=mm&r=g","url":"https:\/\/secure.gravatar.com\/avatar\/70b0b0c6ef7dca5d65c935edece415df3e99a7281ef835a281ae62fb4236351b?s=96&d=mm&r=g","height":96,"width":96}},"publisher":{"@type":"Organization","name":"vorp.cz","logo":{"@type":"ImageObject","@id":"\/logo.png","url":"\/logo.png","width":600,"height":60}},"image":{"@type":"ImageObject","@id":"https:\/\/www.vorp.cz\/wp-content\/uploads\/img_a358405_w1719_t1572611260.jpg","url":"https:\/\/www.vorp.cz\/wp-content\/uploads\/img_a358405_w1719_t1572611260.jpg","height":0,"width":0},"url":"https:\/\/www.vorp.cz\/jak-vystehovat-dum-ci-byt-v-praze\/","about":["Produkty"],"wordCount":457,"articleBody":"       Dejme tomu, \u017ee \u017eijete cel\u00fd \u017eivot v Praze 1 a r\u00e1di byste se p\u0159est\u011bhovali do Prahy 3. Nebo se sna\u017e\u00edte vyst\u011bhovat kancel\u00e1\u0159 a p\u0159esunout ji zase na jin\u00fd konec Prahy? Mo\u017en\u00e1 to je v\u0161echno \u00fapln\u011b jinak a vy chcete vyst\u011bhovat n\u011bco jin\u00e9ho, nebo chcete n\u011bco p\u0159ev\u00e9st \u010di \u201etransportovat\u201c. Najednou v\u00e1s ale napadne: \u201eNo jo, ale jak j\u00e1 to vlastn\u011b p\u0159evezu, kdy\u017e nem\u00e1m ani voz\u00edk?\u201c A p\u0159esn\u011b pro tyto p\u0159\u00edpady jsme tu my, p\u016fj\u010dovna dod\u00e1vek Praha, kter\u00e1 v\u00e1m zap\u016fj\u010d\u00ed dod\u00e1vku, do kter\u00e9 naskl\u00e1d\u00e1te  snad d v\u00edce v\u011bc\u00ed ne\u017e do n\u011bjak\u00e9ho voz\u00edku s t\u00edm, \u017ee m\u00e1te jistotu, \u017ee v\u00e1m to nikdo nem\u016f\u017ee jen tak \u201e\u0161lohnout\u201c z voz\u00edku, kdy\u017e budete d\u00e1le od auta. M\u016f\u017eete si tak klidn\u011b sko\u010dit pohodln\u011b na ob\u011bd a nechat dod\u00e1vku na parkovi\u0161ti, zat\u00edmco budete na cest\u011b za novou destinac\u00ed! A tohle je jenom jedna z v\u00fdhod, kter\u00e9 v\u00e1m m\u016f\u017eeme nab\u00eddnout v na\u0161\u00ed p\u016fj\u010dovn\u011b dod\u00e1vek Praha. Mo\u017en\u00e1 si \u0159\u00edk\u00e1te, pro\u010d vlastn\u011b dod\u00e1vku? Nebude sta\u010dit n\u011bco men\u0161\u00edho? To si mo\u017en\u00e1 \u0159\u00edk\u00e1te te\u010f, ale pot\u00e9, a\u017e za\u010dnete vyn\u00e1\u0161et v\u011bci, najednou si uv\u011bdom\u00edte, kolik toho m\u00e1te a jak moc budete r\u00e1di za to, \u017ee m\u00e1te tak velkou dod\u00e1vku, do kter\u00e9 to m\u016f\u017eete v\u0161echno pohodln\u011b naskl\u00e1dat, ani\u017e byste se museli v\u016fbec \u010dehokoliv b\u00e1t. A\u0165 u\u017e je to pohovka, televize nebo klidn\u011b i ledni\u010dka, do dod\u00e1vky se vejde v\u0161echno a je\u0161t\u011b to lze pohodln\u011b p\u0159ev\u00e9st. A to je\u0161t\u011b nen\u00ed v\u0161echno! Jen si vezm\u011bte, co se stane s va\u0161\u00edm n\u00e1bytkem nebo jin\u00fdmi v\u011bcmi, kdyby za\u010dalo pr\u0161et a vy je m\u011bli t\u0159eba pr\u00e1v\u011b na tom voz\u00edku? No ur\u010dit\u011b se jim to nebude l\u00edbit a nebude se to l\u00edbit ani v\u00e1m, to v\u00e1m m\u016f\u017eeme garantovat. Hlavn\u011b d\u0159evo a \u017eelezo, kter\u00e9 m\u016f\u017ee i zreziv\u011bt a znehodnotit tak i celou v\u011bc, je na tohle st\u011bhov\u00e1n\u00ed extr\u00e9mn\u011b n\u00e1chyln\u00e9, hlavn\u011b potom kdy\u017e p\u0159i\u010dteme nejen d\u00e9\u0161\u0165, ale tak\u00e9 sn\u00edh a v\u00edtr a po\u0159\u00e1dnou pl\u00fdskanici. M\u016f\u017ee to b\u00fdt i p\u0159\u00edm\u00fd slune\u010dn\u00ed \u017e\u00e1r. To v\u0161echno m\u016f\u017ee zap\u0159\u00ed\u010dinit \u0161kodu, kterou jste ur\u010dit\u011b necht\u011bli. P\u0159esn\u011b proto je p\u016fj\u010dovna dod\u00e1vek to prav\u00e9 o\u0159echov\u00e9 p\u0159esn\u011b pro v\u00e1s.                                                                                                                                                                                                                                                                                                                                                                                          4.8\/5 - (5 votes)        "},{"@context":"https:\/\/schema.org\/","@type":"BreadcrumbList","itemListElement":[{"@type":"ListItem","position":1,"name":"Jak vyst\u011bhovat d\u016fm \u010di byt v Praze?","item":"https:\/\/www.vorp.cz\/jak-vystehovat-dum-ci-byt-v-praze\/#breadcrumbitem"}]}]