[{"@context":"https:\/\/schema.org\/","@type":"Article","@id":"https:\/\/www.vorp.cz\/jake-vyhody-ma-firemni-stravovani-a-nabizi-firemni-stravovani-praha\/#Article","mainEntityOfPage":"https:\/\/www.vorp.cz\/jake-vyhody-ma-firemni-stravovani-a-nabizi-firemni-stravovani-praha\/","headline":"Jak\u00e9 v\u00fdhody m\u00e1 firemn\u00ed stravov\u00e1n\u00ed, a nab\u00edz\u00ed firemn\u00ed stravov\u00e1n\u00ed Praha?","name":"Jak\u00e9 v\u00fdhody m\u00e1 firemn\u00ed stravov\u00e1n\u00ed, a nab\u00edz\u00ed firemn\u00ed stravov\u00e1n\u00ed Praha?","description":"V z\u00e1kon\u011b je d\u00e1no, \u017ee zam\u011bstnanci pracuj\u00edc\u00ed na pln\u00fd \u00favazek v klasick\u00e9m rozsahu 40 hodin t\u00fddn\u011b, tedy 8 hodin denn\u011b, maj\u00ed n\u00e1rok na p\u0159est\u00e1vku na ob\u011bd. Ta mus\u00ed m\u00edt d\u00e9lku minim\u00e1ln\u011b p\u016fl hodiny, a nesm\u00ed b\u00fdt d\u00e1na na za\u010d\u00e1tek ani na konec pracovn\u00ed doby. Tato pauza je ur\u010dena p\u0159edev\u0161\u00edm k tomu, aby se b\u011bhem n\u00ed &hellip; ","datePublished":"2021-05-17","dateModified":"2023-04-30","author":{"@type":"Person","@id":"https:\/\/www.vorp.cz\/author\/#Person","name":"","url":"https:\/\/www.vorp.cz\/author\/","identifier":1,"image":{"@type":"ImageObject","@id":"https:\/\/secure.gravatar.com\/avatar\/70b0b0c6ef7dca5d65c935edece415df3e99a7281ef835a281ae62fb4236351b?s=96&d=mm&r=g","url":"https:\/\/secure.gravatar.com\/avatar\/70b0b0c6ef7dca5d65c935edece415df3e99a7281ef835a281ae62fb4236351b?s=96&d=mm&r=g","height":96,"width":96}},"publisher":{"@type":"Organization","name":"vorp.cz","logo":{"@type":"ImageObject","@id":"\/logo.png","url":"\/logo.png","width":600,"height":60}},"image":{"@type":"ImageObject","@id":"https:\/\/www.vorp.cz\/wp-content\/uploads\/tal%C3%AD%C5%99e%20s%20p%C5%99ipraven%C3%BDm%20j%C3%ADdlem_2JXwEt.jpg","url":"https:\/\/www.vorp.cz\/wp-content\/uploads\/tal%C3%AD%C5%99e%20s%20p%C5%99ipraven%C3%BDm%20j%C3%ADdlem_2JXwEt.jpg","height":0,"width":0},"url":"https:\/\/www.vorp.cz\/jake-vyhody-ma-firemni-stravovani-a-nabizi-firemni-stravovani-praha\/","about":["Business"],"wordCount":421,"articleBody":"        V z\u00e1kon\u011b je d\u00e1no, \u017ee zam\u011bstnanci pracuj\u00edc\u00ed na pln\u00fd \u00favazek v klasick\u00e9m rozsahu 40 hodin t\u00fddn\u011b, tedy 8 hodin denn\u011b, maj\u00ed n\u00e1rok na p\u0159est\u00e1vku na ob\u011bd. Ta mus\u00ed m\u00edt d\u00e9lku minim\u00e1ln\u011b p\u016fl hodiny, a nesm\u00ed b\u00fdt d\u00e1na na za\u010d\u00e1tek ani na konec pracovn\u00ed doby. Tato pauza je ur\u010dena p\u0159edev\u0161\u00edm k tomu, aby se b\u011bhem n\u00ed mohli zam\u011bstnanci naj\u00edst a doplnit s\u00edly. Ov\u0161em ot\u00e1zkou je, jak jim j\u00eddlo zajistit. V mnoha firm\u00e1ch si p\u0159in\u00e1\u0161\u00ed ob\u011bd sami, nebo jdou do bl\u00edzk\u00e9 restaurace \u010di obchodu. Mnohde v\u0161ak takov\u00e1 mo\u017enost nen\u00ed.  Plat\u00ed to zvl\u00e1\u0161t\u011b pro v\u00fdrobny um\u00edst\u011bn\u00e9 v pr\u016fmyslov\u00fdch z\u00f3n\u00e1ch na okraj\u00edch m\u011bst. Zde nen\u00ed realisticky mo\u017en\u00e9, aby si lid\u00e9 stihli doj\u00edt pro j\u00eddlo, ani aby si jej v\u0161ichni oh\u0159\u00e1li, vzhledem k po\u010dtu zam\u011bstnanc\u016f. Proto mnoho zam\u011bstnavatel\u016f nab\u00edz\u00ed sv\u00fdm zam\u011bstnanc\u016fm firemn\u00ed stravov\u00e1n\u00ed. V podstat\u011b se jedn\u00e1 o to, \u017ee sjednan\u00e1 firma doveze ji\u017e p\u0159ipraven\u00e9 pokrmy v objednan\u00e9m mno\u017estv\u00ed. Zam\u011bstnanci tak mohou m\u00edt dostatek \u010dasu se v klidu naj\u00edst. A to je d\u016fle\u017eit\u00e9 zejm\u00e9na u d\u011blnick\u00fdch profes\u00ed, kter\u00e9 vykon\u00e1vaj\u00ed fyzicky n\u00e1ro\u010dnou pr\u00e1ci. Je pravdou, \u017ee tuto slu\u017ebu si zam\u011bstnanci plat\u00ed sami, av\u0161ak pouze \u010d\u00e1ste\u010dn\u011b. \u010c\u00e1st plat\u00ed zam\u011bstnavatel. Samoz\u0159ejm\u011b se m\u016f\u017eeme pt\u00e1t, zda se to vyplat\u00ed. A zku\u0161enost ukazuje, \u017ee ano. P\u0159eci jen, i to je d\u016fvod, pro\u010d nab\u00edz\u00ed firemn\u00ed stravov\u00e1n\u00ed Praha i jin\u00e1 v\u011bt\u0161\u00ed m\u011bsta, kter\u00e1 maj\u00ed pr\u016fmyslov\u00e9 z\u00f3ny.  V ka\u017ed\u00e9m p\u0159\u00edpad\u011b je to slu\u017eba, kterou v\u011bt\u0161ina zam\u011bstnanc\u016f oce\u0148uje. Samoz\u0159ejm\u011b se nevyplat\u00ed v\u017edy, nap\u0159\u00edklad v kancel\u00e1\u0159sk\u00fdch profes\u00edch, kter\u00e9 b\u00fdvaj\u00ed bl\u00edzko centru m\u011bsta a t\u00edm p\u00e1dem i bl\u00edzko obchod\u016fm, ji p\u0159\u00edli\u0161 nenajdeme. Av\u0161ak pro provozovny, kde pracuje mnoho zam\u011bstnanc\u016f nar\u00e1z a kde to je do obchodu daleko, je to velmi v\u00fdhodn\u00e9. Samoz\u0159ejm\u011b nakonec z\u00e1le\u017e\u00ed na zam\u011bstnavateli, zda sv\u00fdm zam\u011bstnanc\u016fm tuto mo\u017enost poskytne. Av\u0161ak v naprost\u00e9 v\u011bt\u0161in\u011b p\u0159\u00edpad\u016f jsou v\u00fdhody jasn\u011b viditeln\u00e9 pro ob\u011b strany. A bylo by hloup\u00e9 jich nevyu\u017e\u00edt.                                                                                                                                                                                                                                                                                                                                                                                         3.5\/5 - (2 votes)        "},{"@context":"https:\/\/schema.org\/","@type":"BreadcrumbList","itemListElement":[{"@type":"ListItem","position":1,"name":"Jak\u00e9 v\u00fdhody m\u00e1 firemn\u00ed stravov\u00e1n\u00ed, a nab\u00edz\u00ed firemn\u00ed stravov\u00e1n\u00ed Praha?","item":"https:\/\/www.vorp.cz\/jake-vyhody-ma-firemni-stravovani-a-nabizi-firemni-stravovani-praha\/#breadcrumbitem"}]}]