{"@context":"https:\/\/schema.org\/","@type":"CollectionPage","@id":"https:\/\/www.vorp.cz\/krasa\/#CollectionPage","headline":"Kr\u00e1sa Category","description":"","url":"https:\/\/www.vorp.cz\/krasa\/","hasPart":[{"@type":"Article","@id":"https:\/\/www.vorp.cz\/v-administrative-k-nezaplaceni\/","headline":"V administrativ\u011b k nezaplacen\u00ed","url":"https:\/\/www.vorp.cz\/v-administrative-k-nezaplaceni\/","datePublished":"2023-09-11","dateModified":"2023-09-11","mainEntityOfPage":"https:\/\/www.vorp.cz\/v-administrative-k-nezaplaceni\/","author":{"@type":"Person","@id":"https:\/\/www.vorp.cz\/author\/#Person","name":"","url":"https:\/\/www.vorp.cz\/author\/","identifier":1,"image":{"@type":"ImageObject","@id":"https:\/\/secure.gravatar.com\/avatar\/70b0b0c6ef7dca5d65c935edece415df3e99a7281ef835a281ae62fb4236351b?s=96&d=mm&r=g","url":"https:\/\/secure.gravatar.com\/avatar\/70b0b0c6ef7dca5d65c935edece415df3e99a7281ef835a281ae62fb4236351b?s=96&d=mm&r=g","height":96,"width":96}},"publisher":{"@type":"Organization","name":"vorp.cz","logo":{"@type":"ImageObject","@id":"\/logo.png","url":"\/logo.png","width":600,"height":60}},"image":null,"keywords":null},{"@type":"Article","@id":"https:\/\/www.vorp.cz\/prostornejsi-byt-s-kvalitnim-nabytkem\/","headline":"Prostorn\u011bj\u0161\u00ed byt s kvalitn\u00edm n\u00e1bytkem","url":"https:\/\/www.vorp.cz\/prostornejsi-byt-s-kvalitnim-nabytkem\/","datePublished":"2019-08-27","dateModified":"2023-04-30","mainEntityOfPage":"https:\/\/www.vorp.cz\/prostornejsi-byt-s-kvalitnim-nabytkem\/","author":{"@type":"Person","@id":"https:\/\/www.vorp.cz\/author\/#Person","name":"","url":"https:\/\/www.vorp.cz\/author\/","identifier":1,"image":{"@type":"ImageObject","@id":"https:\/\/secure.gravatar.com\/avatar\/70b0b0c6ef7dca5d65c935edece415df3e99a7281ef835a281ae62fb4236351b?s=96&d=mm&r=g","url":"https:\/\/secure.gravatar.com\/avatar\/70b0b0c6ef7dca5d65c935edece415df3e99a7281ef835a281ae62fb4236351b?s=96&d=mm&r=g","height":96,"width":96}},"publisher":{"@type":"Organization","name":"vorp.cz","logo":{"@type":"ImageObject","@id":"\/logo.png","url":"\/logo.png","width":600,"height":60}},"image":{"@type":"ImageObject","@id":"https:\/\/www.vorp.cz\/wp-content\/uploads\/img_a360775_w1949_t1574324909.jpg","url":"https:\/\/www.vorp.cz\/wp-content\/uploads\/img_a360775_w1949_t1574324909.jpg","height":0,"width":0},"keywords":null},{"@type":"Article","@id":"https:\/\/www.vorp.cz\/stavebnice-se-kterou-se-deti-nudit-nebudou\/","headline":"Stavebnice, se kterou se d\u011bti nudit nebudou","url":"https:\/\/www.vorp.cz\/stavebnice-se-kterou-se-deti-nudit-nebudou\/","datePublished":"2019-05-21","dateModified":"2023-04-30","mainEntityOfPage":"https:\/\/www.vorp.cz\/stavebnice-se-kterou-se-deti-nudit-nebudou\/","author":{"@type":"Person","@id":"https:\/\/www.vorp.cz\/author\/#Person","name":"","url":"https:\/\/www.vorp.cz\/author\/","identifier":1,"image":{"@type":"ImageObject","@id":"https:\/\/secure.gravatar.com\/avatar\/70b0b0c6ef7dca5d65c935edece415df3e99a7281ef835a281ae62fb4236351b?s=96&d=mm&r=g","url":"https:\/\/secure.gravatar.com\/avatar\/70b0b0c6ef7dca5d65c935edece415df3e99a7281ef835a281ae62fb4236351b?s=96&d=mm&r=g","height":96,"width":96}},"publisher":{"@type":"Organization","name":"vorp.cz","logo":{"@type":"ImageObject","@id":"\/logo.png","url":"\/logo.png","width":600,"height":60}},"image":{"@type":"ImageObject","@id":"https:\/\/www.vorp.cz\/wp-content\/uploads\/img_a356733_w1946_t1571324099.jpg","url":"https:\/\/www.vorp.cz\/wp-content\/uploads\/img_a356733_w1946_t1571324099.jpg","height":0,"width":0},"keywords":null}]}