[{"@context":"https:\/\/schema.org\/","@type":"Article","@id":"https:\/\/www.vorp.cz\/muze-byt-moda-ekologicka\/#Article","mainEntityOfPage":"https:\/\/www.vorp.cz\/muze-byt-moda-ekologicka\/","headline":"M\u016f\u017ee b\u00fdt m\u00f3da ekologick\u00e1?","name":"M\u016f\u017ee b\u00fdt m\u00f3da ekologick\u00e1?","description":"Je celkem pochopiteln\u00e9, \u017ee mlad\u00ed lid\u00e9 hltaj\u00ed ze str\u00e1nek \u010dasopis\u016f a z\u00a0v\u00fdloh obchod\u016f nov\u00e9 trendy a tou\u017e\u00ed po nich. A proto\u017ee trendy se m\u011bn\u00ed \u010dasto a ka\u017edou sez\u00f3nu p\u0159in\u00e1\u0161\u00ed nov\u00e9 n\u00e1pady, logicky kupuj\u00ed st\u00e1le nov\u00e9 a nov\u00e9 kousky. I kdy\u017e jsme nad\u0161en\u00ed, \u017ee obchody nab\u00edzej\u00ed v\u00fdhodn\u00e9 slevy oble\u010den\u00ed, nem\u011bli bychom kupovat haldy nekvalitn\u00edch v\u00fdrobk\u016f jen &hellip; ","datePublished":"2020-09-17","dateModified":"2020-09-17","author":{"@type":"Person","@id":"https:\/\/www.vorp.cz\/author\/#Person","name":"","url":"https:\/\/www.vorp.cz\/author\/","identifier":1,"image":{"@type":"ImageObject","@id":"https:\/\/secure.gravatar.com\/avatar\/70b0b0c6ef7dca5d65c935edece415df3e99a7281ef835a281ae62fb4236351b?s=96&d=mm&r=g","url":"https:\/\/secure.gravatar.com\/avatar\/70b0b0c6ef7dca5d65c935edece415df3e99a7281ef835a281ae62fb4236351b?s=96&d=mm&r=g","height":96,"width":96}},"publisher":{"@type":"Organization","name":"vorp.cz","logo":{"@type":"ImageObject","@id":"\/logo.png","url":"\/logo.png","width":600,"height":60}},"image":{"@type":"ImageObject","@id":"https:\/\/www.vorp.cz\/wp-content\/uploads\/img_a307823_w1921_t1519052252.jpg","url":"https:\/\/www.vorp.cz\/wp-content\/uploads\/img_a307823_w1921_t1519052252.jpg","height":0,"width":0},"url":"https:\/\/www.vorp.cz\/muze-byt-moda-ekologicka\/","wordCount":459,"articleBody":"\tJe celkem pochopiteln\u00e9, \u017ee mlad\u00ed lid\u00e9 hltaj\u00ed ze str\u00e1nek \u010dasopis\u016f a z\u00a0v\u00fdloh obchod\u016f nov\u00e9 trendy a tou\u017e\u00ed po nich. A proto\u017ee trendy se m\u011bn\u00ed \u010dasto a ka\u017edou sez\u00f3nu p\u0159in\u00e1\u0161\u00ed nov\u00e9 n\u00e1pady, logicky kupuj\u00ed st\u00e1le nov\u00e9 a nov\u00e9 kousky. I kdy\u017e jsme nad\u0161en\u00ed, \u017ee obchody nab\u00edzej\u00ed v\u00fdhodn\u00e9 slevy oble\u010den\u00ed, nem\u011bli bychom kupovat haldy nekvalitn\u00edch v\u00fdrobk\u016f jen proto, \u017ee jsou cenov\u011b dostupn\u00e9 a zapom\u00ednat p\u0159i tom na to, jak dlouho je budeme opravdu nosit.\t\tKvalita versus cena\tBohu\u017eel, kvalitn\u00ed oble\u010den\u00ed, vyroben\u00e9 z\u00a0kvalitn\u00edch l\u00e1tek a dostupn\u00e9 \u010dasto u men\u0161\u00edch firem, je u n\u00e1s je\u0161t\u011b po\u0159\u00e1d drah\u00e9. Tak\u017ee se nen\u00ed co divit mlad\u00fdm lidem, kte\u0159\u00ed nemaj\u00ed pen\u011bz na rozhazov\u00e1n\u00ed, \u017ee se p\u0159i n\u00e1kupu \u0159\u00edd\u00ed v\u00a0prvn\u00ed \u0159ad\u011b cenou. Ale mo\u017en\u00e1, kdybychom se trochu zamysleli, zjistili bychom, \u017ee pokud nakupujeme sp\u00ed\u0161e podle trend\u016f a ceny ne\u017e podle kvality, dopadne to tak, \u017ee sk\u0159\u00ed\u0148 m\u00e1me sice plnou, ale stejn\u011b nem\u00e1me nic po\u0159\u00e1dn\u00e9ho na sebe.\t\t\u017divotnost oble\u010den\u00ed\tS\u00a0t\u00edm souvis\u00ed i ekologick\u00fd pohled na v\u011bc, s\u00a0trochou nads\u00e1zky bychom mohli \u0159\u00edci, \u017ee se zamo\u0159en\u00edm \u0161atn\u00edku m\u00e1me tak\u00e9 zamo\u0159enou na\u0161i mysl a samo sebou zat\u011b\u017eujeme tak\u00e9 na\u0161e \u017eivotn\u00ed prost\u0159ed\u00ed. Co d\u011bl\u00e1me s\u00a0oble\u010den\u00edm, kter\u00e9 se n\u00e1m u\u017e nel\u00edb\u00ed? Po n\u011bkolika vypr\u00e1n\u00edch je vytahan\u00e9, sam\u00fd \u017emolek, a tak v\u011bt\u0161inou let\u00ed do ko\u0161e. Kolik had\u0159\u00edk\u016f si koup\u00edme, tolik po ur\u010dit\u00e9m \u010dase mus\u00edme tak\u00e9 vyhodit, v\u011bt\u0161inou bez recyklace.\t\tJak vytvo\u0159it udr\u017eiteln\u00fd \u0161atn\u00edk\tPraktick\u00fd \u010dlov\u011bk by asi \u0159ekl, \u017ee si m\u00e1me kupovat jen to, co opravdu pot\u0159ebujeme a to, co m\u016f\u017eeme sladit s\u00a0kousky, kter\u00e9 u\u017e m\u00e1me doma. \u010clov\u011bk s\u00a0nejmodern\u011bj\u0161\u00edm vhledem by n\u00e1m poradil, abychom si kupovali jen kvalitn\u00ed oble\u010den\u00ed od mal\u00fdch a lok\u00e1ln\u00edch firem, ke kter\u00fdm m\u00e1me d\u016fv\u011bru a mysleli na nad\u010dasovost a udr\u017eitelnost. Tak bychom toti\u017e nemuseli nakupovat st\u00e1le nov\u00e9 v\u011bci, a p\u0159itom by n\u00e1\u0161 \u0161atn\u00edk nevy\u0161el z\u00a0m\u00f3dy. Dnes u\u017e si tak\u00e9 m\u016f\u017eeme vybrat materi\u00e1l na\u0161eho oble\u010den\u00ed, ide\u00e1ln\u00ed pro na\u0161e t\u011blo je pr\u00fd organick\u00e1 bavlna nebo t\u0159eba zapomenut\u00e9 konop\u00ed \u010di len, nejl\u00e9pe nebarven\u00e9. Ot\u00e1zkou z\u016fst\u00e1v\u00e1, zda je to pro n\u00e1s v\u016fbec mo\u017en\u00e9, a to z\u00a0hlediska finan\u010dn\u00edho i z\u00a0hlediska dostupnosti a nab\u00eddky v\u00fdrobc\u016f oble\u010den\u00ed.                                                                                                                                                                                                                                                                                                                                                                                        3\/5 - (2 votes)        "},{"@context":"https:\/\/schema.org\/","@type":"BreadcrumbList","itemListElement":[{"@type":"ListItem","position":1,"name":"M\u016f\u017ee b\u00fdt m\u00f3da ekologick\u00e1?","item":"https:\/\/www.vorp.cz\/muze-byt-moda-ekologicka\/#breadcrumbitem"}]}]