[{"@context":"https:\/\/schema.org\/","@type":"Article","@id":"https:\/\/www.vorp.cz\/patrova-postel-se-hodi-pro-vsechny\/#Article","mainEntityOfPage":"https:\/\/www.vorp.cz\/patrova-postel-se-hodi-pro-vsechny\/","headline":"Patrov\u00e1 postel se hod\u00ed pro v\u0161echny","name":"Patrov\u00e1 postel se hod\u00ed pro v\u0161echny","description":"Bojujete s nedostatkem m\u00edsta? P\u0159em\u00fd\u0161l\u00edte, jak uspo\u0159\u00e1dat d\u011btsk\u00fd pokoj, aby d\u011bti m\u011bli v\u00edce m\u00edsta na hran\u00ed? M\u00e1me tu pro V\u00e1s \u0159e\u0161en\u00ed &#8211; po\u0159i\u010fte si patrovou postel. Nebojte se b\u00fdt jin\u00ed, my V\u00e1m dok\u00e1\u017eeme, \u017ee i patrov\u00e1 postel m\u016f\u017ee b\u00fdt vkusn\u00e1 a bezpe\u010dn\u00e1. Patrov\u00e1 postel od n\u00e1s je z\u00e1rukou kvality. Je vyrobena z kvalitn\u00edho masivn\u00edho d\u0159eva. &hellip; ","datePublished":"2025-01-31","dateModified":"2025-01-31","author":{"@type":"Person","@id":"https:\/\/www.vorp.cz\/author\/#Person","name":"","url":"https:\/\/www.vorp.cz\/author\/","identifier":1,"image":{"@type":"ImageObject","@id":"https:\/\/secure.gravatar.com\/avatar\/70b0b0c6ef7dca5d65c935edece415df3e99a7281ef835a281ae62fb4236351b?s=96&d=mm&r=g","url":"https:\/\/secure.gravatar.com\/avatar\/70b0b0c6ef7dca5d65c935edece415df3e99a7281ef835a281ae62fb4236351b?s=96&d=mm&r=g","height":96,"width":96}},"publisher":{"@type":"Organization","name":"vorp.cz","logo":{"@type":"ImageObject","@id":"\/logo.png","url":"\/logo.png","width":600,"height":60}},"url":"https:\/\/www.vorp.cz\/patrova-postel-se-hodi-pro-vsechny\/","wordCount":181,"articleBody":"Bojujete s nedostatkem m\u00edsta? P\u0159em\u00fd\u0161l\u00edte, jak uspo\u0159\u00e1dat d\u011btsk\u00fd pokoj, aby d\u011bti m\u011bli v\u00edce m\u00edsta na hran\u00ed? M\u00e1me tu pro V\u00e1s \u0159e\u0161en\u00ed &#8211; po\u0159i\u010fte si patrovou postel. Nebojte se b\u00fdt jin\u00ed, my V\u00e1m dok\u00e1\u017eeme, \u017ee i patrov\u00e1 postel m\u016f\u017ee b\u00fdt vkusn\u00e1 a bezpe\u010dn\u00e1.Patrov\u00e1 postel od n\u00e1s je z\u00e1rukou kvality. Je vyrobena z kvalitn\u00edho masivn\u00edho d\u0159eva. M\u016f\u017eete si vyb\u00edrat z r\u016fzn\u00fdch design\u016f a barevn\u00fdch variac\u00ed. V\u0161echny postele jsou nat\u0159eny ochrann\u00fdm ekologick\u00fdm lakem. V nab\u00eddce m\u00e1me i patrov\u00e9 postele s \u00falo\u017en\u00fdm prostorem, t\u00edm se V\u00e1m vy\u0159e\u0161\u00ed dva probl\u00e9my najednou.Pro spokojenost d\u011bt\u00edDop\u0159ejte d\u011btem prostor na hran\u00ed. I kdy\u017e nem\u00e1te to \u0161t\u011bst\u00ed a nevlastn\u00edte rozlehl\u00fd byt nebo d\u016fm, patrov\u00e1 postel vy\u0159e\u0161\u00ed Va\u0161e probl\u00e9my s nedostatkem m\u00edsta. Spokojenost Va\u0161ich d\u011bt\u00ed V\u00e1m za to ur\u010dit\u011b stoj\u00ed.                                                                                                                                                                                                                                                                                                                                                                                        5\/5 - (4 votes)        "},{"@context":"https:\/\/schema.org\/","@type":"BreadcrumbList","itemListElement":[{"@type":"ListItem","position":1,"name":"Patrov\u00e1 postel se hod\u00ed pro v\u0161echny","item":"https:\/\/www.vorp.cz\/patrova-postel-se-hodi-pro-vsechny\/#breadcrumbitem"}]}]