[{"@context":"https:\/\/schema.org\/","@type":"Article","@id":"https:\/\/www.vorp.cz\/praci-na-zahrade-si-musite-predevsim-uzit\/#Article","mainEntityOfPage":"https:\/\/www.vorp.cz\/praci-na-zahrade-si-musite-predevsim-uzit\/","headline":"Pr\u00e1ci na zahrad\u011b si mus\u00edte p\u0159edev\u0161\u00edm u\u017e\u00edt.","name":"Pr\u00e1ci na zahrad\u011b si mus\u00edte p\u0159edev\u0161\u00edm u\u017e\u00edt.","description":"Ke ka\u017ed\u00e9mu domu neodmysliteln\u011b pat\u0159\u00ed zahrada a kr\u00e1sn\u00fd slunn\u00fd den p\u0159\u00edmo vyb\u00edz\u00ed k\u00a0zahr\u00e1dka\u0159en\u00ed. Ka\u017edoro\u010dn\u00ed boj s\u00a0po\u010das\u00edm, \u0161k\u016fdci a leckdy i nenechav\u00fdmi sousedy pr\u00e1v\u011b za\u010d\u00edn\u00e1. V\u017edy\u0165 ve\u010dern\u00ed posezen\u00ed na dokonale upraven\u00e9 a oku lahod\u00edc\u00ed zahrad\u011b je k\u00a0nezaplacen\u00ed. Ale abyste jste se mohli bezstarostn\u011b kochat v\u00fdsledkem sv\u00e9ho \u00fasil\u00ed, je k\u00a0tomu cesta dlouh\u00e1 a trnit\u00e1. Zahrada, ta by &hellip; ","datePublished":"2022-03-25","dateModified":"2023-04-30","author":{"@type":"Person","@id":"https:\/\/www.vorp.cz\/author\/#Person","name":"","url":"https:\/\/www.vorp.cz\/author\/","identifier":1,"image":{"@type":"ImageObject","@id":"https:\/\/secure.gravatar.com\/avatar\/70b0b0c6ef7dca5d65c935edece415df3e99a7281ef835a281ae62fb4236351b?s=96&d=mm&r=g","url":"https:\/\/secure.gravatar.com\/avatar\/70b0b0c6ef7dca5d65c935edece415df3e99a7281ef835a281ae62fb4236351b?s=96&d=mm&r=g","height":96,"width":96}},"publisher":{"@type":"Organization","name":"vorp.cz","logo":{"@type":"ImageObject","@id":"\/logo.png","url":"\/logo.png","width":600,"height":60}},"image":{"@type":"ImageObject","@id":"https:\/\/www.vorp.cz\/wp-content\/uploads\/pr%C3%A1ce%20na%20zahrad%C4%9B_1.jpg","url":"https:\/\/www.vorp.cz\/wp-content\/uploads\/pr%C3%A1ce%20na%20zahrad%C4%9B_1.jpg","height":0,"width":0},"url":"https:\/\/www.vorp.cz\/praci-na-zahrade-si-musite-predevsim-uzit\/","about":["D\u016fm a zahrada"],"wordCount":492,"articleBody":"Ke ka\u017ed\u00e9mu domu neodmysliteln\u011b pat\u0159\u00ed zahrada a kr\u00e1sn\u00fd slunn\u00fd den p\u0159\u00edmo vyb\u00edz\u00ed k\u00a0zahr\u00e1dka\u0159en\u00ed. Ka\u017edoro\u010dn\u00ed boj s\u00a0po\u010das\u00edm, \u0161k\u016fdci a leckdy i nenechav\u00fdmi sousedy pr\u00e1v\u011b za\u010d\u00edn\u00e1.V\u017edy\u0165 ve\u010dern\u00ed posezen\u00ed na dokonale upraven\u00e9 a oku lahod\u00edc\u00ed zahrad\u011b je k\u00a0nezaplacen\u00ed. Ale abyste jste se mohli bezstarostn\u011b kochat v\u00fdsledkem sv\u00e9ho \u00fasil\u00ed, je k\u00a0tomu cesta dlouh\u00e1 a trnit\u00e1. Zahrada, ta by rozhodn\u011b m\u011bla b\u00fdt vizitkou nejen domu, ale p\u0159edev\u0161\u00edm v\u00e1s samotn\u00fdch. A inspirac\u00edch a prost\u0159edk\u016f na dokonale upraven\u00fd prostor kolem va\u0161eho domu je bezpo\u010det. Je to ale p\u0159edev\u0161\u00edm o pr\u00e1ci a ka\u017ed\u00fd majitel domu se zahradou o tom v\u00ed sv\u00e9.I j\u00e1 jsem podlehl jarn\u00edmu \u0161\u00edlenstv\u00ed na zahrad\u011b a rozhodl jsem se vybudovat f\u00f3liovn\u00edk. U\u0161lechtil\u00e1 my\u0161lenka a nutno p\u0159iznat, \u017ee n\u00e1pad to byl sp\u00ed\u0161e m\u00e9 \u017eeny. Projekt 4m dlouh\u00fd, 2m \u0161irok\u00fd a 2m vysok\u00e9 stavby mohl zapo\u010d\u00edt. S\u00a0nad\u0161en\u00edm jsme se pustili do pr\u00e1ce a el\u00e1nu a odhodl\u00e1n\u00ed jsme m\u011bli na rozd\u00e1v\u00e1n\u00ed. Nebudu zde podrobn\u011b popisovat v\u0161echny z\u00e1ludnosti a p\u0159ek\u00e1\u017eky, kter\u00e9 jsme museli zdolat. Sp\u00ed\u0161e m\u011b to p\u0159ivedlo k\u00a0zamy\u0161len\u00ed a pozn\u00e1n\u00ed, \u017ee odbornou pr\u00e1ci m\u00e1 opravdu d\u011blat odborn\u00edk a p\u0159edev\u0161\u00edm, \u017ee ze star\u00fdch a nevyhovuj\u00edc\u00edch materi\u00e1l\u016f nov\u00e9 opravdu neud\u011bl\u00e1\u0161! Nakonec po p\u0159ehodnocen\u00ed na\u0161eho projektu a n\u00e1kupu vhodn\u00fdch materi\u00e1l\u016f se d\u00edlo zda\u0159ilo, i kdy\u017e se drobn\u011b li\u0161\u00ed od p\u016fvodn\u00edho projektu.Pochopiteln\u011b nutn\u00fd \u00faklid a \u00faprava ter\u00e9nu po zim\u011b je zcela z\u00e1sadn\u00ed pro dal\u0161\u00ed \u00fasp\u011b\u0161n\u00e9 p\u011bstov\u00e1n\u00ed a \u00fapravu z\u00e1honk\u016f. Ruku v\u00a0ruce s\u00a0\u00faklidem je kontrola zahradnick\u00e9ho n\u00e1\u010din\u00ed. Drobn\u00e9 opravy, kter\u00e9 jste pl\u00e1novali ud\u011blat p\u0159es zimu a nedo\u0161lo na n\u011b, se te\u010f p\u0159ihl\u00e1s\u00ed s\u00a0daleko v\u011bt\u0161\u00ed nal\u00e9havost\u00ed. V\u00fdsev poctiv\u00e9 dom\u00e1c\u00ed zeleniny zvl\u00e1dla rad\u011bji moje \u017eena a do \u00fahledn\u00fdch \u0159\u00e1dk\u016f s\u00a0pe\u010dlivost\u00ed sob\u011b vlastn\u00ed, s\u00a0l\u00e1skou vkl\u00e1dala z\u00e1rodky budouc\u00edch pochutin. Jen se ob\u00e1v\u00e1m, \u017ee na\u0161e \u00fasil\u00ed op\u011bt ocen\u00ed nejv\u00edce zahradn\u00ed \u0161k\u016fdci a v\u00edt\u011bzn\u00e9 ta\u017een\u00ed slim\u00e1k\u016f bude op\u011bt slavit \u00fasp\u011bch, ale o to tu ani tak nejde.Mus\u00ed v\u00e1s to p\u0159edev\u0161\u00edm bavit a aktivn\u00edm odpo\u010dinkem pr\u00e1v\u011b p\u0159i pr\u00e1ci na sv\u00e9m dom\u011b a zahrad\u011b z\u00edsk\u00e1te daleko v\u00edc, ne\u017e jen p\u00e1r raj\u010dat a mrkv\u00ed. Pochvaln\u00e9 popl\u00e1c\u00e1n\u00ed po ramenou od va\u0161ich p\u0159\u00e1tel, p\u0159i venkovn\u00edm grilov\u00e1n\u00ed \u010di spole\u010dn\u00e9 sklence v\u00edna s\u00a0va\u0161i partnerkou v\u00e1m dod\u00e1 opravdov\u00fd pocit domova.                                                                                                                                                                                                                                                                                                                                                                                         3.9\/5 - (11 votes)        "},{"@context":"https:\/\/schema.org\/","@type":"BreadcrumbList","itemListElement":[{"@type":"ListItem","position":1,"name":"Pr\u00e1ci na zahrad\u011b si mus\u00edte p\u0159edev\u0161\u00edm u\u017e\u00edt.","item":"https:\/\/www.vorp.cz\/praci-na-zahrade-si-musite-predevsim-uzit\/#breadcrumbitem"}]}]