[{"@context":"https:\/\/schema.org\/","@type":"Article","@id":"https:\/\/www.vorp.cz\/rok-na-zahrade\/#Article","mainEntityOfPage":"https:\/\/www.vorp.cz\/rok-na-zahrade\/","headline":"Rok na zahrad\u011b","name":"Rok na zahrad\u011b","description":"Zahrada po cel\u00fd rok Za\u010d\u00edt by jsme m\u011bli asi v t\u00e9 chv\u00edli, kdy se zem\u011b probouz\u00ed po dlouh\u00e9 zim\u011b. Kyd vykukuje na poli prvn\u00ed \u010desn\u011bk. Kyd se stromy a ke\u0159e kr\u00e1t\u00ed. Mnoz\u00ed ji\u017e za\u010dnou v p\u0159edja\u0159\u00ed do sv\u00fdch p\u0159ipraven\u00fdch foli\u00e1k\u016f a sklen\u00edk\u016f s\u00e1zet \u0159edkvi\u010dky, sal\u00e1ty a jin\u00e9 dobroty. To proto, aby mohli u\u017e doplnit vitam\u00edny &hellip; ","datePublished":"2022-03-17","dateModified":"2023-04-30","author":{"@type":"Person","@id":"https:\/\/www.vorp.cz\/author\/#Person","name":"","url":"https:\/\/www.vorp.cz\/author\/","identifier":1,"image":{"@type":"ImageObject","@id":"https:\/\/secure.gravatar.com\/avatar\/70b0b0c6ef7dca5d65c935edece415df3e99a7281ef835a281ae62fb4236351b?s=96&d=mm&r=g","url":"https:\/\/secure.gravatar.com\/avatar\/70b0b0c6ef7dca5d65c935edece415df3e99a7281ef835a281ae62fb4236351b?s=96&d=mm&r=g","height":96,"width":96}},"publisher":{"@type":"Organization","name":"vorp.cz","logo":{"@type":"ImageObject","@id":"\/logo.png","url":"\/logo.png","width":600,"height":60}},"image":{"@type":"ImageObject","@id":"https:\/\/www.vorp.cz\/wp-content\/uploads\/istockphoto-1331327994-612x612_1.jpg","url":"https:\/\/www.vorp.cz\/wp-content\/uploads\/istockphoto-1331327994-612x612_1.jpg","height":0,"width":0},"url":"https:\/\/www.vorp.cz\/rok-na-zahrade\/","about":["D\u016fm a zahrada"],"wordCount":434,"articleBody":"Zahrada po cel\u00fd rokZa\u010d\u00edt by jsme m\u011bli asi v t\u00e9 chv\u00edli, kdy se zem\u011b probouz\u00ed po dlouh\u00e9 zim\u011b. Kyd vykukuje na poli prvn\u00ed \u010desn\u011bk. Kyd se stromy a ke\u0159e kr\u00e1t\u00ed. Mnoz\u00ed ji\u017e za\u010dnou v p\u0159edja\u0159\u00ed do sv\u00fdch p\u0159ipraven\u00fdch foli\u00e1k\u016f a sklen\u00edk\u016f s\u00e1zet \u0159edkvi\u010dky, sal\u00e1ty a jin\u00e9 dobroty. To proto, aby mohli u\u017e doplnit vitam\u00edny po dlouh\u00e9 zim\u011b.\u00a0JaroJarn\u00ed slun\u00ed\u010dko l\u00e1k\u00e1 v\u0161echny zahr\u00e1dk\u00e1\u0159e a milovn\u00edky zem\u011b ven. Na proch\u00e1zky na \u00faklid a p\u0159\u00edpravu zahr\u00e1dky. V\u0161e p\u0159ipravit na nov\u00e9 s\u00e1zen\u00ed na novou \u00farodu. Zkontrolovat kv\u011btiny, stromy, ke\u0159e po zim\u011b. Dokoupit pot\u0159ebn\u00e9 kv\u011btiny a zeminu a m\u016f\u017eeme se do toho pustit. Nen\u00ed rozhoduj\u00edc\u00ed jestli m\u00e1te obrovsk\u00e9 pole, zahr\u00e1dku plnou z\u00e1honk\u016f a nebo p\u00e1r truhl\u00edk\u016f na balkon\u011b. V tuto chv\u00edli. Te\u010f je d\u016fle\u017eit\u00e1 va\u0161e chu\u0165 a \u010das se v\u011bnovat zahradni\u010den\u00ed. Kdy\u017e m\u00e1te hotovo cel\u00e9 s\u00e1zen\u00ed a zal\u00e9v\u00e1n\u00ed p\u0159ijde na \u0159adu p\u00e9\u010de. Tak jako pe\u010dujete o sebe a o sv\u00e9 bl\u00edzk\u00e9 tak bude pot\u0159ebovat p\u00e9\u010di vy\u017eadovat i va\u0161e zahr\u00e1dka.L\u00e9toV l\u00e9t\u011b se pozn\u00e1 jac\u00ed jste byli p\u011bstitel\u00e9. Kolik l\u00e1sky a vl\u00e1hy jste poskytli sv\u00fdm rostlink\u00e1m. Te\u010f bude doba, sklizn\u00ed kdy V\u00e1s z\u00e1honky odm\u011bn\u00ed \u0161\u0165avnat\u00fdmi jahodami, raj\u010d\u00e1tky a vo\u0148av\u00fdmi malinami a okurkami. Budete skl\u00edzet hr\u00e1\u0161ek a t\u011b\u0161it se cuket.\u00a0Na zahr\u00e1dce V\u00e1m pomalu budou dozr\u00e1vat d\u00fdn\u011b, mrkev cibule a \u010desnek.\u00a0PodzimKdy\u017e u\u017e slun\u00ed\u010dko za\u010dne sl\u00e1bnout za\u010dne vrcholit i va\u0161e snaha. Budete skl\u00edzet, usklad\u0148ovat, mrazit zkr\u00e1tka zpracov\u00e1vat v\u0161echno va\u0161e \u00a0sna\u017een\u00ed na zimu. Brambory, mrkev, d\u00fdn\u011b to v\u0161e jako by jste v zim\u011b na\u0161li. Nasu\u0161en\u00e9 jabl\u00ed\u010dka a hru\u0161ky budou na V\u00e1noce z\u00e1\u0159it na va\u0161em stole.\u00a0ZimaA\u017e se zima zept\u00e1 co si d\u011blal v l\u00e9t\u011b. Vy u\u017e m\u016f\u017eete s \u010dist\u00fdm sv\u011bdom\u00edm \u0159\u00edci, \u017ee jste si ho u\u017eili. Venku na \u010derstv\u00e9m vzduchu. Pe\u010dovali jste o sv\u00e9 zdrav\u00ed. Zlep\u0161ili jste svou fyzickou kondici na\u010derpali s\u00edlu, ze slunce. Te\u010f p\u0159ijde zima. Pole odpo\u010d\u00edv\u00e1 a vy s n\u00edm. M\u016f\u017eete se zase t\u011b\u0161it co na ja\u0159e vysejete na sv\u016fj z\u00e1honek.                                                                                                                                                                                                                                                                                                                                                                                        4.2\/5 - (12 votes)        "},{"@context":"https:\/\/schema.org\/","@type":"BreadcrumbList","itemListElement":[{"@type":"ListItem","position":1,"name":"Rok na zahrad\u011b","item":"https:\/\/www.vorp.cz\/rok-na-zahrade\/#breadcrumbitem"}]}]