[{"@context":"https:\/\/schema.org\/","@type":"Article","@id":"https:\/\/www.vorp.cz\/time-management\/#Article","mainEntityOfPage":"https:\/\/www.vorp.cz\/time-management\/","headline":"Time management","name":"Time management","description":"Nen\u00ed jednoduch\u00e9 um\u011bt si zorganizovat vlastn\u00ed \u010das. Naj\u00edt rovnov\u00e1hu mezi pracovn\u00edm a soukrom\u00fdm \u017eivotem.\u00a0 Sch\u016fzky, administrativa, projekty, uz\u00e1v\u011brky . . . To v\u0161echno si vy\u017eaduje na\u0161i pozornost. Abychom se z\u00a0toho nezbl\u00e1znili, poj\u010fme si vz\u00edt p\u0159\u00edklad z\u00a0nejvy\u0161\u0161\u00edho managementu nadn\u00e1rodn\u00edch spole\u010dnost\u00ed.\u00a0 P\u0159edn\u011b je nezbytn\u00e9 zachovat si zdrav\u00fd rozum a dobr\u00fd \u00fasudek. Zave\u010fte si kalend\u00e1\u0159 a p\u0159i pl\u00e1nov\u00e1n\u00ed &hellip; ","datePublished":"2019-12-11","dateModified":"2019-12-11","author":{"@type":"Person","@id":"https:\/\/www.vorp.cz\/author\/#Person","name":"","url":"https:\/\/www.vorp.cz\/author\/","identifier":1,"image":{"@type":"ImageObject","@id":"https:\/\/secure.gravatar.com\/avatar\/70b0b0c6ef7dca5d65c935edece415df3e99a7281ef835a281ae62fb4236351b?s=96&d=mm&r=g","url":"https:\/\/secure.gravatar.com\/avatar\/70b0b0c6ef7dca5d65c935edece415df3e99a7281ef835a281ae62fb4236351b?s=96&d=mm&r=g","height":96,"width":96}},"publisher":{"@type":"Organization","name":"vorp.cz","logo":{"@type":"ImageObject","@id":"\/logo.png","url":"\/logo.png","width":600,"height":60}},"image":{"@type":"ImageObject","@id":"https:\/\/www.vorp.cz\/wp-content\/uploads\/img_a363948_w4324_t1576604837.jpg","url":"https:\/\/www.vorp.cz\/wp-content\/uploads\/img_a363948_w4324_t1576604837.jpg","height":0,"width":0},"url":"https:\/\/www.vorp.cz\/time-management\/","about":["Business"],"wordCount":864,"articleBody":"Nen\u00ed jednoduch\u00e9 um\u011bt si zorganizovat vlastn\u00ed \u010das. Naj\u00edt rovnov\u00e1hu mezi pracovn\u00edm a soukrom\u00fdm \u017eivotem.\u00a0 Sch\u016fzky, administrativa, projekty, uz\u00e1v\u011brky . . . To v\u0161echno si vy\u017eaduje na\u0161i pozornost. Abychom se z\u00a0toho nezbl\u00e1znili, poj\u010fme si vz\u00edt p\u0159\u00edklad z\u00a0nejvy\u0161\u0161\u00edho managementu nadn\u00e1rodn\u00edch spole\u010dnost\u00ed.\u00a0 P\u0159edn\u011b je nezbytn\u00e9 zachovat si zdrav\u00fd rozum a dobr\u00fd \u00fasudek. Zave\u010fte si kalend\u00e1\u0159 a p\u0159i pl\u00e1nov\u00e1n\u00ed nov\u00e9ho t\u00fddne si nejprve za\u0161krtn\u011bte \u010das, kter\u00fd budete v\u011bnovat sami sob\u011b, nebo rodin\u011b. Teprve potom m\u016f\u017eete efektivn\u011b pl\u00e1novat pracovn\u00ed, a p\u0159esto st\u00e1le m\u00edt i soukrom\u00fd \u017eivot.\u00a0 Udr\u017eujte ve sv\u00e9m kalend\u00e1\u0159i po\u0159\u00e1dek a nedovolte nikomu, aby ho pl\u00e1noval za v\u00e1s. Vol\u00e1 v\u00e1m klient, kdy\u017e \u0159\u00edd\u00edte? Chce po v\u00e1s \u0161\u00e9f p\u0159ipravit prezentaci? V\u017edy si nechte v\u0161e poslat do mailu a teprve a\u017e se pod\u00edv\u00e1te do sv\u00e9ho kalend\u00e1\u0159e, potvr\u010fte po\u017eadovan\u00e9 term\u00edny. A nikdy nezapome\u0148te na to, \u017ee pokud chcete, aby n\u011bkdo respektoval v\u00e1\u0161 \u010das, mus\u00edte i vy respektovat ten jeho.PrioritizaceKdy\u017e se na v\u00e1s val\u00ed \u00fakoly ze v\u0161ech stran, ide\u00e1ln\u011b byste m\u011bli b\u00fdt na dvou sch\u016fzk\u00e1ch sou\u010dasn\u011b a n\u00e1pad\u016f na pap\u00ed\u0159e je v\u00edce, ne\u017e jste si, kdy p\u0159edstavovali, je zapot\u0159eb\u00ed zapnout druh\u00fd motor, p\u0159idat do ka\u017ed\u00e9ho dne n\u011bkolik hodin nav\u00edc, nebo jednodu\u0161e za\u010d\u00edt spr\u00e1vn\u011b p\u0159i\u0159azovat priority. A co to vlastn\u011b znamen\u00e1? Plat\u00ed zde p\u00e1r jednoduch\u00fdch pravidel. Rozd\u011blte si v\u0161echny \u00fakoly do \u010dty\u0159 kategori\u00ed. V\u00a0prvn\u00ed kategorii byste m\u011bli m\u00edt \u00fakoly, kter\u00e9 jsou d\u016fle\u017eit\u00e9 a urgentn\u00ed. T\u011bm byste m\u011bli v\u011bnovat nejv\u00edce pozornosti a zpracov\u00e1vat je jako prvn\u00ed. Do druh\u00e9 kategorie za\u0159ad\u00edte \u00fakoly, kter\u00e9 jsou d\u016fle\u017eit\u00e9, ale na jejich spln\u011bn\u00ed m\u00e1te dostatek \u010dasu. Jen pozor, aby se z\u00a0t\u011bchto \u00fakol\u016f v\u0161echny postupn\u011b nep\u0159em\u00edstily do kategorie jedna. Ve t\u0159et\u00ed kategorii jsou \u00fakoly o jejich\u017e d\u016fle\u017eitosti by se dalo s\u00a0\u00fasp\u011bchem polemizovat, ale natolik v\u00e1m znep\u0159\u00edjem\u0148uj\u00ed \u017eivot, \u017ee jejich \u0159e\u0161en\u00ed je jednodu\u0161e nal\u00e9hav\u00e9. No a v\u00a0t\u00e9 \u010dtvrt\u00e9 m\u00e1te v\u0161e, co je ned\u016fle\u017eit\u00e9 a nen\u00ed nutno \u0159e\u0161it obratem. Na tyto \u00fakoly a po\u017eadavky m\u016f\u017eete klidn\u011b zapomenout.No a jak se spr\u00e1vn\u011b nastartovat po r\u00e1nu?\u00a0 Kdy\u017e si sednete k\u00a0po\u010d\u00edta\u010di, zpracujte n\u011bco, co bude rychl\u00e9 a jednoduch\u00e9. T\u00edm se nastartujete, uvoln\u00edte endorfiny a m\u016f\u017eete se pustit do \u00fakolu s\u00a0velk\u00fdm \u201eU\u201c.A nakonec je\u0161t\u011b v\u0159ele doporu\u010duji: to, co se v\u00e1m opravdu d\u011blat nechce, ud\u011blejte co nejd\u0159\u00edve. Pokud to budete odkl\u00e1dat, po\u0159\u00e1d to budete m\u00edt v\u00a0hlav\u011b, budete nad t\u00edm p\u0159em\u00fd\u0161let a pot\u0159ebn\u00fd odpo\u010dinek si pokaz\u00edte vym\u00fd\u0161len\u00edm, pro\u010d jste to prost\u011b je\u0161t\u011b po\u0159\u00e1d neud\u011blali.\u00a0\u00a0Sebe discipl\u00ednaPouze s\u00a0n\u00ed m\u00e1te \u0161anci usp\u011bt. \u017de se v\u00e1m zrovna nechce? Nebo byste rad\u011bji d\u011blali cokoli jin\u00e9ho? A co t\u0159eba modern\u00ed slovo prokrastinace? Zapome\u0148te na n\u00ed. Dnes se modern\u00edmi slovy naz\u00fdv\u00e1 spousta v\u011bc\u00ed, pravdou ale z\u016fst\u00e1v\u00e1, \u017ee pouze pevn\u00e1 v\u016fle n\u00e1s posune kup\u0159edu. Nebojte se p\u0159iznat, \u017ee to prost\u011b nen\u00ed jednoduch\u00e9. Ano, nen\u00ed. Jedna zn\u00e1m\u00e1 podnikatelka popisovala, \u017ee ka\u017ed\u00e9 r\u00e1no, kdy\u017e m\u00e1 odjet do kancel\u00e1\u0159e, m\u00e1 nejv\u011bt\u0161\u00ed chu\u0165 pr\u00e1t, ukl\u00edzet a va\u0159it. To je naprosto norm\u00e1ln\u00ed. \u00dasp\u011b\u0161n\u00e9 lidi od t\u011bch ne\u00fasp\u011b\u0161n\u00fdch ale odd\u011bluje pr\u00e1v\u011b to, \u017ee ti prvn\u00ed se p\u0159es ve\u0161kerou nechu\u0165 oble\u010dou, nasn\u00eddaj\u00ed a vyraz\u00ed za sv\u00fdmi povinnostmi, ti druz\u00ed se nechaj\u00ed ukol\u00e9bat okam\u017eitou n\u00e1ladou a v\u00a0pozdn\u00edm odpoledni zjist\u00ed, \u017ee doma je sice v\u0161echno vypul\u00edrovan\u00e9, ale na pr\u00e1ci za ten den ani nes\u00e1hli.\u00a0VizeA nakonec, co odd\u011bluje opravdu v\u00fdjime\u010dn\u00e9 od t\u011bch pr\u016fm\u011brn\u00fdch, je vize.\u00a0 Nemluv\u00edm o kr\u00e1tkodob\u00e9m a vlastn\u011b ani o dlouhodob\u00e9m c\u00edli. Mluv\u00edm o n\u011b\u010dem, co oby\u010dejn\u00e9 c\u00edle p\u0159esahuje. O n\u011b\u010dem, co je motorem va\u0161eho kon\u00e1n\u00ed, co v\u00e1m d\u00e1v\u00e1 smysl, pro\u010d r\u00e1no vst\u00e1v\u00e1te. M\u00edt vizi, znamen\u00e1 naj\u00edt smysl v\u0161eho, co d\u011bl\u00e1m. Zkuste si svoj\u00ed vizi zformovat v\u00a0n\u011bkolika v\u011bt\u00e1ch. Co vlastn\u011b chcete? Kam sm\u011b\u0159ujete? Pro\u010d vlastn\u011b v\u0161echno d\u011bl\u00e1te a \u010deho chcete dos\u00e1hnout? Tak to je va\u0161e VIZE. Dr\u017ete se j\u00ed a jd\u011bte za n\u00ed. Nebude to jednoduch\u00e9 a \u010dasto naraz\u00edte na probl\u00e9my. V\u00edt\u011bzem ale nakonec nen\u00ed ten, kdo nikdy neprohraje. Ale ten, kdo se i po proh\u0159e um\u00ed zvednout a j\u00edt d\u00e1l.                                                                                                                                                                                                                                                                                                                                                                                        4.3\/5 - (3 votes)        "},{"@context":"https:\/\/schema.org\/","@type":"BreadcrumbList","itemListElement":[{"@type":"ListItem","position":1,"name":"Time management","item":"https:\/\/www.vorp.cz\/time-management\/#breadcrumbitem"}]}]